{"id":9940,"date":"2024-02-02T09:03:46","date_gmt":"2024-02-02T12:03:46","guid":{"rendered":"https:\/\/www.fsfx.com.br\/usisaude\/?p=9940"},"modified":"2024-02-02T09:03:46","modified_gmt":"2024-02-02T12:03:46","slug":"fevereiro-roxo-a-importancia-do-diagnostico-precoce-do-lupus-fibromialgia-e-alzheimer-para-reducao-dos-sintomas","status":"publish","type":"post","link":"https:\/\/www.fsfx.com.br\/usisaude\/fevereiro-roxo-a-importancia-do-diagnostico-precoce-do-lupus-fibromialgia-e-alzheimer-para-reducao-dos-sintomas\/","title":{"rendered":"Fevereiro Roxo: a import\u00e2ncia do diagn\u00f3stico precoce do L\u00fapus, Fibromialgia e Alzheimer para redu\u00e7\u00e3o dos sintomas"},"content":{"rendered":"<p style=\"text-align: center\"><em>Reumatologista do Hospital M\u00e1rcio Cunha fala sobre a import\u00e2ncia de ampliar o entendimento de doen\u00e7as autoimune.<\/em><\/p>\n<p>Segundo Sociedade Brasileira de Reumatologia, cerca de 65 mil pessoas no Brasil s\u00e3o diagnosticadas com doen\u00e7as autoimunes. Ampliar a conscientiza\u00e7\u00e3o sobre a doen\u00e7a de l\u00fapus, o alzheimer e a fibromialgia, a fim de alertar para o diagn\u00f3stico precoce, aumentando as chances de efic\u00e1cia no tratamento e proporcionar mais conforto e qualidade de vida ao paciente. A campanha Fevereiro Roxo busca informar sobre patologias de condi\u00e7\u00f5es cr\u00f4nicas que afetam milh\u00f5es de pessoas em todo o mundo.<\/p>\n<p>Aos sentir os primeiros sintomas da doen\u00e7a, a moradora da zona rural de Inhapim, Jandira Aparecida Amaral, que ainda n\u00e3o sabia da exist\u00eancia de l\u00fapus, passou por momentos cr\u00edticos, com per\u00edodos de interna\u00e7\u00e3o hospitalar, antes de receber o diagn\u00f3stico preciso por um reumatologista. \u201cComecei a sentir muita dor na nuca e no corpo, que se agravaram com outros sintomas. Passei muito mal e estive com v\u00e1rios especialistas. Tive problemas renais com necessidade de interna\u00e7\u00e3o. E ent\u00e3o, ap\u00f3s uma bateria de exames e da avalia\u00e7\u00e3o da doutora Anna Lydia, recebi o diagn\u00f3stico de l\u00fapus. Hoje, ap\u00f3s os medicamentos terem se equilibrado no meu organismo \u00e9 poss\u00edvel ter uma vida normal. Meus exames est\u00e3o todos regulados e a doen\u00e7a est\u00e1 sob controle\u201d, reconhece Jandira.<\/p>\n<p><img fetchpriority=\"high\" decoding=\"async\" class=\" wp-image-9941 alignleft\" src=\"https:\/\/www.fsfx.com.br\/usisaude\/wp-content\/uploads\/sites\/6\/2024\/02\/Anna-Lydia-_reumatologista_Hospital-Marcio-Cunha-200x300.jpeg\" alt=\"\" width=\"190\" height=\"285\" srcset=\"https:\/\/www.fsfx.com.br\/usisaude\/wp-content\/uploads\/sites\/6\/2024\/02\/Anna-Lydia-_reumatologista_Hospital-Marcio-Cunha-200x300.jpeg 200w, https:\/\/www.fsfx.com.br\/usisaude\/wp-content\/uploads\/sites\/6\/2024\/02\/Anna-Lydia-_reumatologista_Hospital-Marcio-Cunha.jpeg 684w\" sizes=\"(max-width: 190px) 100vw, 190px\" \/>Segundo Anna Lydia Mol Villela, reumatologista do Hospital M\u00e1rcio Cunha, administrado pela Funda\u00e7\u00e3o S\u00e3o Francisco Xavier, conhecer como se manifesta a doen\u00e7a de l\u00fapus, fortalece a coopera\u00e7\u00e3o no cuidado e impulsiona a busca por um tratamento especializado, melhorando significativamente os progn\u00f3sticos, minimizando os danos. \u201cA conscientiza\u00e7\u00e3o para a doen\u00e7a e a promo\u00e7\u00e3o de um ambiente de suporte familiar atuam como uma pe\u00e7a-chave para a gest\u00e3o de l\u00fapus, uma abordagem que pede um cuidado mais compassivo e eficiente para o paciente\u201d, recomenda a reumatologista.<\/p>\n<p>O diagn\u00f3stico da patologia \u00e9 fundamentado na hist\u00f3ria cl\u00ednica, e baseia-se em an\u00e1lises de sangue, urina e exames f\u00edsicos. O tratamento inclui imunossupressores (drogas que agem na divis\u00e3o celular e t\u00eam propriedades anti-inflamat\u00f3rias) e terapias inovadoras, visando controlar a doen\u00e7a multifatorial, que \u00e9 associada a fatores gen\u00e9ticos, hormonais, ambientais e infecciosos. Para a preven\u00e7\u00e3o, al\u00e9m da conscientiza\u00e7\u00e3o, s\u00e3o recomendadas pr\u00e1ticas de fotoprote\u00e7\u00e3o, dieta saud\u00e1vel e suporte psicol\u00f3gico.<\/p>\n<p>&#8220;\u00c9 fundamental ampliar o entendimento sobre essas doen\u00e7as complexas, promovendo diagn\u00f3sticos precoces e oferecendo suporte aos pacientes. A campanha representa uma oportunidade valiosa para unir esfor\u00e7os na luta contra o l\u00fapus, com o objetivo de melhorar a qualidade de vida daqueles que enfrentam essa condi\u00e7\u00e3o desafiadora&#8221;, pondera Anna Lydia.<\/p>\n<p>Apesar de distintas, as doen\u00e7as envolvidas no Fevereiro Roxo possuem medidas preventivas em comum. Dentre elas est\u00e3o a necessidade de realizar exerc\u00edcio f\u00edsico di\u00e1rio, manter uma boa alimenta\u00e7\u00e3o, ter cuidados com a sa\u00fade psicoemocional e manter consultas preventivas em dia.<\/p>\n<p><strong>L\u00fapus<\/strong><\/p>\n<p>O L\u00fapus Eritematoso Sist\u00eamico (LES) \u00e9 uma doen\u00e7a inflamat\u00f3ria e autoimune, na qual o sistema imunol\u00f3gico ataca tecidos e \u00f3rg\u00e3os. A patologia, predominantemente em mulheres de 20 a 45 anos, \u00e9 mais comum em pessoas mesti\u00e7as e afrodescendentes. Estima-se que existam 65 mil casos da doen\u00e7a no Brasil, conforme a Sociedade Brasileira de Reumatologia. A doen\u00e7a pode surgir gradualmente ao longo dos meses ou de forma r\u00e1pida, em semanas. Existem dois tipos principais de l\u00fapus: o cut\u00e2neo, evidenciado por manchas avermelhadas na pele, especialmente em \u00e1reas expostas ao sol, e o sist\u00eamico, que afeta \u00f3rg\u00e3os internos. Devido \u00e0 natureza do sistema imunol\u00f3gico comprometido, os sintomas do LES variam desde febre, emagrecimento, perda de apetite at\u00e9 altera\u00e7\u00f5es neurol\u00f3gicas, card\u00edacas, pulmonares e renais.<\/p>\n<p><strong>Fibromialgia<\/strong><\/p>\n<p>A Fibromialgia \u00e9 uma s\u00edndrome cl\u00ednica que se manifesta com dor no corpo todo, principalmente na musculatura. Aliado a dor, a fibromialgia desencadeia\u00a0sintomas como cansa\u00e7o, sono alterado, altera\u00e7\u00f5es de mem\u00f3ria, na aten\u00e7\u00e3o, ansiedade, depress\u00e3o e disfun\u00e7\u00f5es intestinais.<\/p>\n<p>Assim como o l\u00fapus, h\u00e1 maior acometimento do sexo feminino. Ainda s\u00e3o desconhecidas as causas da doen\u00e7a. \u00c9 frequente a associa\u00e7\u00e3o com transtornos de humor e ansiedade. O tratamento envolve o uso de medicamentos para melhora do quadro \u00e1lgico, regula\u00e7\u00e3o do sono e redu\u00e7\u00e3o da fadiga, al\u00e9m de atividade f\u00edsica regular e psicoterapia.<\/p>\n<p><strong>Doen\u00e7a de Alzheimer<\/strong><\/p>\n<p>A doen\u00e7a de Alzheimer \u00e9 uma doen\u00e7a cr\u00f4nica neurodegenerativa, progressiva e que afeta, em sua maioria, idosos acima de 65 anos de idade, resultando em altera\u00e7\u00f5es de mem\u00f3ria, percep\u00e7\u00e3o do mundo e linguagem. Traz impactos no comportamento, na intera\u00e7\u00e3o social, na cogni\u00e7\u00e3o, na personalidade e no humor do portador da doen\u00e7a, comprometendo suas atividades de vida di\u00e1ria.<\/p>\n","protected":false},"excerpt":{"rendered":"<p>Reumatologista do Hospital M\u00e1rcio Cunha fala sobre a import\u00e2ncia de ampliar o entendimento de doen\u00e7as autoimune. Segundo Sociedade Brasileira de Reumatologia, cerca de 65 mil pessoas no Brasil s\u00e3o diagnosticadas com doen\u00e7as autoimunes. Ampliar a conscientiza\u00e7\u00e3o sobre a doen\u00e7a de l\u00fapus, o alzheimer e a fibromialgia, a fim de alertar para o diagn\u00f3stico precoce, aumentando [&hellip;]<\/p>\n","protected":false},"author":6,"featured_media":9942,"comment_status":"open","ping_status":"open","sticky":false,"template":"","format":"standard","meta":{"_acf_changed":false,"site-sidebar-layout":"default","site-content-layout":"","ast-site-content-layout":"default","site-content-style":"default","site-sidebar-style":"default","ast-global-header-display":"","ast-banner-title-visibility":"","ast-main-header-display":"","ast-hfb-above-header-display":"","ast-hfb-below-header-display":"","ast-hfb-mobile-header-display":"","site-post-title":"","ast-breadcrumbs-content":"","ast-featured-img":"","footer-sml-layout":"","theme-transparent-header-meta":"","adv-header-id-meta":"","stick-header-meta":"","header-above-stick-meta":"","header-main-stick-meta":"","header-below-stick-meta":"","astra-migrate-meta-layouts":"default","ast-page-background-enabled":"default","ast-page-background-meta":{"desktop":{"background-color":"var(--ast-global-color-4)","background-image":"","background-repeat":"repeat","background-position":"center center","background-size":"auto","background-attachment":"scroll","background-type":"","background-media":"","overlay-type":"","overlay-color":"","overlay-opacity":"","overlay-gradient":""},"tablet":{"background-color":"","background-image":"","background-repeat":"repeat","background-position":"center center","background-size":"auto","background-attachment":"scroll","background-type":"","background-media":"","overlay-type":"","overlay-color":"","overlay-opacity":"","overlay-gradient":""},"mobile":{"background-color":"","background-image":"","background-repeat":"repeat","background-position":"center center","background-size":"auto","background-attachment":"scroll","background-type":"","background-media":"","overlay-type":"","overlay-color":"","overlay-opacity":"","overlay-gradient":""}},"ast-content-background-meta":{"desktop":{"background-color":"var(--ast-global-color-5)","background-image":"","background-repeat":"repeat","background-position":"center center","background-size":"auto","background-attachment":"scroll","background-type":"","background-media":"","overlay-type":"","overlay-color":"","overlay-opacity":"","overlay-gradient":""},"tablet":{"background-color":"var(--ast-global-color-5)","background-image":"","background-repeat":"repeat","background-position":"center center","background-size":"auto","background-attachment":"scroll","background-type":"","background-media":"","overlay-type":"","overlay-color":"","overlay-opacity":"","overlay-gradient":""},"mobile":{"background-color":"var(--ast-global-color-5)","background-image":"","background-repeat":"repeat","background-position":"center center","background-size":"auto","background-attachment":"scroll","background-type":"","background-media":"","overlay-type":"","overlay-color":"","overlay-opacity":"","overlay-gradient":""}},"footnotes":""},"categories":[1],"tags":[],"class_list":["post-9940","post","type-post","status-publish","format-standard","has-post-thumbnail","hentry","category-noticias"],"acf":[],"yoast_head":"<!-- This site is optimized with the Yoast SEO plugin v26.9 - https:\/\/yoast.com\/product\/yoast-seo-wordpress\/ -->\n<title>Fevereiro Roxo: a import\u00e2ncia do diagn\u00f3stico precoce do L\u00fapus, Fibromialgia e Alzheimer para redu\u00e7\u00e3o dos sintomas - Usisa\u00fade<\/title>\n<meta name=\"robots\" content=\"index, follow, max-snippet:-1, max-image-preview:large, max-video-preview:-1\" \/>\n<link rel=\"canonical\" href=\"https:\/\/www.fsfx.com.br\/usisaude\/fevereiro-roxo-a-importancia-do-diagnostico-precoce-do-lupus-fibromialgia-e-alzheimer-para-reducao-dos-sintomas\/\" \/>\n<meta property=\"og:locale\" content=\"pt_BR\" \/>\n<meta property=\"og:type\" content=\"article\" \/>\n<meta property=\"og:title\" content=\"Fevereiro Roxo: a import\u00e2ncia do diagn\u00f3stico precoce do L\u00fapus, Fibromialgia e Alzheimer para redu\u00e7\u00e3o dos sintomas - Usisa\u00fade\" \/>\n<meta property=\"og:description\" content=\"Reumatologista do Hospital M\u00e1rcio Cunha fala sobre a import\u00e2ncia de ampliar o entendimento de doen\u00e7as autoimune. Segundo Sociedade Brasileira de Reumatologia, cerca de 65 mil pessoas no Brasil s\u00e3o diagnosticadas com doen\u00e7as autoimunes. Ampliar a conscientiza\u00e7\u00e3o sobre a doen\u00e7a de l\u00fapus, o alzheimer e a fibromialgia, a fim de alertar para o diagn\u00f3stico precoce, aumentando [&hellip;]\" \/>\n<meta property=\"og:url\" content=\"https:\/\/www.fsfx.com.br\/usisaude\/fevereiro-roxo-a-importancia-do-diagnostico-precoce-do-lupus-fibromialgia-e-alzheimer-para-reducao-dos-sintomas\/\" \/>\n<meta property=\"og:site_name\" content=\"Usisa\u00fade\" \/>\n<meta property=\"article:published_time\" content=\"2024-02-02T12:03:46+00:00\" \/>\n<meta property=\"og:image\" content=\"https:\/\/www.fsfx.com.br\/usisaude\/wp-content\/uploads\/sites\/6\/2024\/02\/iStock-1738579132.jpg\" \/>\n\t<meta property=\"og:image:width\" content=\"1920\" \/>\n\t<meta property=\"og:image:height\" content=\"1152\" \/>\n\t<meta property=\"og:image:type\" content=\"image\/jpeg\" \/>\n<meta name=\"author\" content=\"C\u00e1ssio Santana\" \/>\n<meta name=\"twitter:card\" content=\"summary_large_image\" \/>\n<meta name=\"twitter:label1\" content=\"Escrito por\" \/>\n\t<meta name=\"twitter:data1\" content=\"C\u00e1ssio Santana\" \/>\n\t<meta name=\"twitter:label2\" content=\"Est. tempo de leitura\" \/>\n\t<meta name=\"twitter:data2\" content=\"5 minutos\" \/>\n<script type=\"application\/ld+json\" class=\"yoast-schema-graph\">{\"@context\":\"https:\/\/schema.org\",\"@graph\":[{\"@type\":\"Article\",\"@id\":\"https:\/\/www.fsfx.com.br\/usisaude\/fevereiro-roxo-a-importancia-do-diagnostico-precoce-do-lupus-fibromialgia-e-alzheimer-para-reducao-dos-sintomas\/#article\",\"isPartOf\":{\"@id\":\"https:\/\/www.fsfx.com.br\/usisaude\/fevereiro-roxo-a-importancia-do-diagnostico-precoce-do-lupus-fibromialgia-e-alzheimer-para-reducao-dos-sintomas\/\"},\"author\":{\"name\":\"C\u00e1ssio Santana\",\"@id\":\"https:\/\/www.fsfx.com.br\/usisaude\/#\/schema\/person\/6bf2cced2b7a5d5d78f5610fc8f52504\"},\"headline\":\"Fevereiro Roxo: a import\u00e2ncia do diagn\u00f3stico precoce do L\u00fapus, Fibromialgia e Alzheimer para redu\u00e7\u00e3o dos sintomas\",\"datePublished\":\"2024-02-02T12:03:46+00:00\",\"mainEntityOfPage\":{\"@id\":\"https:\/\/www.fsfx.com.br\/usisaude\/fevereiro-roxo-a-importancia-do-diagnostico-precoce-do-lupus-fibromialgia-e-alzheimer-para-reducao-dos-sintomas\/\"},\"wordCount\":852,\"commentCount\":0,\"publisher\":{\"@id\":\"https:\/\/www.fsfx.com.br\/usisaude\/#organization\"},\"image\":{\"@id\":\"https:\/\/www.fsfx.com.br\/usisaude\/fevereiro-roxo-a-importancia-do-diagnostico-precoce-do-lupus-fibromialgia-e-alzheimer-para-reducao-dos-sintomas\/#primaryimage\"},\"thumbnailUrl\":\"https:\/\/www.fsfx.com.br\/usisaude\/wp-content\/uploads\/sites\/6\/2024\/02\/iStock-1738579132.jpg\",\"articleSection\":[\"Not\u00edcias\"],\"inLanguage\":\"pt-BR\",\"potentialAction\":[{\"@type\":\"CommentAction\",\"name\":\"Comment\",\"target\":[\"https:\/\/www.fsfx.com.br\/usisaude\/fevereiro-roxo-a-importancia-do-diagnostico-precoce-do-lupus-fibromialgia-e-alzheimer-para-reducao-dos-sintomas\/#respond\"]}]},{\"@type\":\"WebPage\",\"@id\":\"https:\/\/www.fsfx.com.br\/usisaude\/fevereiro-roxo-a-importancia-do-diagnostico-precoce-do-lupus-fibromialgia-e-alzheimer-para-reducao-dos-sintomas\/\",\"url\":\"https:\/\/www.fsfx.com.br\/usisaude\/fevereiro-roxo-a-importancia-do-diagnostico-precoce-do-lupus-fibromialgia-e-alzheimer-para-reducao-dos-sintomas\/\",\"name\":\"Fevereiro Roxo: a import\u00e2ncia do diagn\u00f3stico precoce do L\u00fapus, Fibromialgia e Alzheimer para redu\u00e7\u00e3o dos sintomas - Usisa\u00fade\",\"isPartOf\":{\"@id\":\"https:\/\/www.fsfx.com.br\/usisaude\/#website\"},\"primaryImageOfPage\":{\"@id\":\"https:\/\/www.fsfx.com.br\/usisaude\/fevereiro-roxo-a-importancia-do-diagnostico-precoce-do-lupus-fibromialgia-e-alzheimer-para-reducao-dos-sintomas\/#primaryimage\"},\"image\":{\"@id\":\"https:\/\/www.fsfx.com.br\/usisaude\/fevereiro-roxo-a-importancia-do-diagnostico-precoce-do-lupus-fibromialgia-e-alzheimer-para-reducao-dos-sintomas\/#primaryimage\"},\"thumbnailUrl\":\"https:\/\/www.fsfx.com.br\/usisaude\/wp-content\/uploads\/sites\/6\/2024\/02\/iStock-1738579132.jpg\",\"datePublished\":\"2024-02-02T12:03:46+00:00\",\"breadcrumb\":{\"@id\":\"https:\/\/www.fsfx.com.br\/usisaude\/fevereiro-roxo-a-importancia-do-diagnostico-precoce-do-lupus-fibromialgia-e-alzheimer-para-reducao-dos-sintomas\/#breadcrumb\"},\"inLanguage\":\"pt-BR\",\"potentialAction\":[{\"@type\":\"ReadAction\",\"target\":[\"https:\/\/www.fsfx.com.br\/usisaude\/fevereiro-roxo-a-importancia-do-diagnostico-precoce-do-lupus-fibromialgia-e-alzheimer-para-reducao-dos-sintomas\/\"]}]},{\"@type\":\"ImageObject\",\"inLanguage\":\"pt-BR\",\"@id\":\"https:\/\/www.fsfx.com.br\/usisaude\/fevereiro-roxo-a-importancia-do-diagnostico-precoce-do-lupus-fibromialgia-e-alzheimer-para-reducao-dos-sintomas\/#primaryimage\",\"url\":\"https:\/\/www.fsfx.com.br\/usisaude\/wp-content\/uploads\/sites\/6\/2024\/02\/iStock-1738579132.jpg\",\"contentUrl\":\"https:\/\/www.fsfx.com.br\/usisaude\/wp-content\/uploads\/sites\/6\/2024\/02\/iStock-1738579132.jpg\",\"width\":1920,\"height\":1152},{\"@type\":\"BreadcrumbList\",\"@id\":\"https:\/\/www.fsfx.com.br\/usisaude\/fevereiro-roxo-a-importancia-do-diagnostico-precoce-do-lupus-fibromialgia-e-alzheimer-para-reducao-dos-sintomas\/#breadcrumb\",\"itemListElement\":[{\"@type\":\"ListItem\",\"position\":1,\"name\":\"In\u00edcio\",\"item\":\"https:\/\/www.fsfx.com.br\/usisaude\/\"},{\"@type\":\"ListItem\",\"position\":2,\"name\":\"Fevereiro Roxo: a import\u00e2ncia do diagn\u00f3stico precoce do L\u00fapus, Fibromialgia e Alzheimer para redu\u00e7\u00e3o dos sintomas\"}]},{\"@type\":\"WebSite\",\"@id\":\"https:\/\/www.fsfx.com.br\/usisaude\/#website\",\"url\":\"https:\/\/www.fsfx.com.br\/usisaude\/\",\"name\":\"Usisa\u00fade\",\"description\":\"Somos a Usisa\u00fade, uma operadora de planos de sa\u00fade da Funda\u00e7\u00e3o S\u00e3o Francisco Xavier (FSFX), a maior em modalidade filantr\u00f3pica do pa\u00eds.\",\"publisher\":{\"@id\":\"https:\/\/www.fsfx.com.br\/usisaude\/#organization\"},\"potentialAction\":[{\"@type\":\"SearchAction\",\"target\":{\"@type\":\"EntryPoint\",\"urlTemplate\":\"https:\/\/www.fsfx.com.br\/usisaude\/?s={search_term_string}\"},\"query-input\":{\"@type\":\"PropertyValueSpecification\",\"valueRequired\":true,\"valueName\":\"search_term_string\"}}],\"inLanguage\":\"pt-BR\"},{\"@type\":\"Organization\",\"@id\":\"https:\/\/www.fsfx.com.br\/usisaude\/#organization\",\"name\":\"Usisa\u00fade\",\"url\":\"https:\/\/www.fsfx.com.br\/usisaude\/\",\"logo\":{\"@type\":\"ImageObject\",\"inLanguage\":\"pt-BR\",\"@id\":\"https:\/\/www.fsfx.com.br\/usisaude\/#\/schema\/logo\/image\/\",\"url\":\"https:\/\/www.fsfx.com.br\/usisaude\/wp-content\/uploads\/sites\/6\/2022\/03\/logo-ususaude-1.svg\",\"contentUrl\":\"https:\/\/www.fsfx.com.br\/usisaude\/wp-content\/uploads\/sites\/6\/2022\/03\/logo-ususaude-1.svg\",\"width\":445,\"height\":196,\"caption\":\"Usisa\u00fade\"},\"image\":{\"@id\":\"https:\/\/www.fsfx.com.br\/usisaude\/#\/schema\/logo\/image\/\"}},{\"@type\":\"Person\",\"@id\":\"https:\/\/www.fsfx.com.br\/usisaude\/#\/schema\/person\/6bf2cced2b7a5d5d78f5610fc8f52504\",\"name\":\"C\u00e1ssio Santana\",\"image\":{\"@type\":\"ImageObject\",\"inLanguage\":\"pt-BR\",\"@id\":\"https:\/\/www.fsfx.com.br\/usisaude\/#\/schema\/person\/image\/\",\"url\":\"https:\/\/secure.gravatar.com\/avatar\/ef79739de3edd2f5c2e7c4930b0808c62af99fc5520eaadc7899948f8bc6d2e1?s=96&d=mm&r=g\",\"contentUrl\":\"https:\/\/secure.gravatar.com\/avatar\/ef79739de3edd2f5c2e7c4930b0808c62af99fc5520eaadc7899948f8bc6d2e1?s=96&d=mm&r=g\",\"caption\":\"C\u00e1ssio Santana\"},\"url\":\"https:\/\/www.fsfx.com.br\/usisaude\/author\/cassio\/\"}]}<\/script>\n<!-- \/ Yoast SEO plugin. -->","yoast_head_json":{"title":"Fevereiro Roxo: a import\u00e2ncia do diagn\u00f3stico precoce do L\u00fapus, Fibromialgia e Alzheimer para redu\u00e7\u00e3o dos sintomas - Usisa\u00fade","robots":{"index":"index","follow":"follow","max-snippet":"max-snippet:-1","max-image-preview":"max-image-preview:large","max-video-preview":"max-video-preview:-1"},"canonical":"https:\/\/www.fsfx.com.br\/usisaude\/fevereiro-roxo-a-importancia-do-diagnostico-precoce-do-lupus-fibromialgia-e-alzheimer-para-reducao-dos-sintomas\/","og_locale":"pt_BR","og_type":"article","og_title":"Fevereiro Roxo: a import\u00e2ncia do diagn\u00f3stico precoce do L\u00fapus, Fibromialgia e Alzheimer para redu\u00e7\u00e3o dos sintomas - Usisa\u00fade","og_description":"Reumatologista do Hospital M\u00e1rcio Cunha fala sobre a import\u00e2ncia de ampliar o entendimento de doen\u00e7as autoimune. Segundo Sociedade Brasileira de Reumatologia, cerca de 65 mil pessoas no Brasil s\u00e3o diagnosticadas com doen\u00e7as autoimunes. Ampliar a conscientiza\u00e7\u00e3o sobre a doen\u00e7a de l\u00fapus, o alzheimer e a fibromialgia, a fim de alertar para o diagn\u00f3stico precoce, aumentando [&hellip;]","og_url":"https:\/\/www.fsfx.com.br\/usisaude\/fevereiro-roxo-a-importancia-do-diagnostico-precoce-do-lupus-fibromialgia-e-alzheimer-para-reducao-dos-sintomas\/","og_site_name":"Usisa\u00fade","article_published_time":"2024-02-02T12:03:46+00:00","og_image":[{"width":1920,"height":1152,"url":"https:\/\/www.fsfx.com.br\/usisaude\/wp-content\/uploads\/sites\/6\/2024\/02\/iStock-1738579132.jpg","type":"image\/jpeg"}],"author":"C\u00e1ssio Santana","twitter_card":"summary_large_image","twitter_misc":{"Escrito por":"C\u00e1ssio Santana","Est. tempo de leitura":"5 minutos"},"schema":{"@context":"https:\/\/schema.org","@graph":[{"@type":"Article","@id":"https:\/\/www.fsfx.com.br\/usisaude\/fevereiro-roxo-a-importancia-do-diagnostico-precoce-do-lupus-fibromialgia-e-alzheimer-para-reducao-dos-sintomas\/#article","isPartOf":{"@id":"https:\/\/www.fsfx.com.br\/usisaude\/fevereiro-roxo-a-importancia-do-diagnostico-precoce-do-lupus-fibromialgia-e-alzheimer-para-reducao-dos-sintomas\/"},"author":{"name":"C\u00e1ssio Santana","@id":"https:\/\/www.fsfx.com.br\/usisaude\/#\/schema\/person\/6bf2cced2b7a5d5d78f5610fc8f52504"},"headline":"Fevereiro Roxo: a import\u00e2ncia do diagn\u00f3stico precoce do L\u00fapus, Fibromialgia e Alzheimer para redu\u00e7\u00e3o dos sintomas","datePublished":"2024-02-02T12:03:46+00:00","mainEntityOfPage":{"@id":"https:\/\/www.fsfx.com.br\/usisaude\/fevereiro-roxo-a-importancia-do-diagnostico-precoce-do-lupus-fibromialgia-e-alzheimer-para-reducao-dos-sintomas\/"},"wordCount":852,"commentCount":0,"publisher":{"@id":"https:\/\/www.fsfx.com.br\/usisaude\/#organization"},"image":{"@id":"https:\/\/www.fsfx.com.br\/usisaude\/fevereiro-roxo-a-importancia-do-diagnostico-precoce-do-lupus-fibromialgia-e-alzheimer-para-reducao-dos-sintomas\/#primaryimage"},"thumbnailUrl":"https:\/\/www.fsfx.com.br\/usisaude\/wp-content\/uploads\/sites\/6\/2024\/02\/iStock-1738579132.jpg","articleSection":["Not\u00edcias"],"inLanguage":"pt-BR","potentialAction":[{"@type":"CommentAction","name":"Comment","target":["https:\/\/www.fsfx.com.br\/usisaude\/fevereiro-roxo-a-importancia-do-diagnostico-precoce-do-lupus-fibromialgia-e-alzheimer-para-reducao-dos-sintomas\/#respond"]}]},{"@type":"WebPage","@id":"https:\/\/www.fsfx.com.br\/usisaude\/fevereiro-roxo-a-importancia-do-diagnostico-precoce-do-lupus-fibromialgia-e-alzheimer-para-reducao-dos-sintomas\/","url":"https:\/\/www.fsfx.com.br\/usisaude\/fevereiro-roxo-a-importancia-do-diagnostico-precoce-do-lupus-fibromialgia-e-alzheimer-para-reducao-dos-sintomas\/","name":"Fevereiro Roxo: a import\u00e2ncia do diagn\u00f3stico precoce do L\u00fapus, Fibromialgia e Alzheimer para redu\u00e7\u00e3o dos sintomas - Usisa\u00fade","isPartOf":{"@id":"https:\/\/www.fsfx.com.br\/usisaude\/#website"},"primaryImageOfPage":{"@id":"https:\/\/www.fsfx.com.br\/usisaude\/fevereiro-roxo-a-importancia-do-diagnostico-precoce-do-lupus-fibromialgia-e-alzheimer-para-reducao-dos-sintomas\/#primaryimage"},"image":{"@id":"https:\/\/www.fsfx.com.br\/usisaude\/fevereiro-roxo-a-importancia-do-diagnostico-precoce-do-lupus-fibromialgia-e-alzheimer-para-reducao-dos-sintomas\/#primaryimage"},"thumbnailUrl":"https:\/\/www.fsfx.com.br\/usisaude\/wp-content\/uploads\/sites\/6\/2024\/02\/iStock-1738579132.jpg","datePublished":"2024-02-02T12:03:46+00:00","breadcrumb":{"@id":"https:\/\/www.fsfx.com.br\/usisaude\/fevereiro-roxo-a-importancia-do-diagnostico-precoce-do-lupus-fibromialgia-e-alzheimer-para-reducao-dos-sintomas\/#breadcrumb"},"inLanguage":"pt-BR","potentialAction":[{"@type":"ReadAction","target":["https:\/\/www.fsfx.com.br\/usisaude\/fevereiro-roxo-a-importancia-do-diagnostico-precoce-do-lupus-fibromialgia-e-alzheimer-para-reducao-dos-sintomas\/"]}]},{"@type":"ImageObject","inLanguage":"pt-BR","@id":"https:\/\/www.fsfx.com.br\/usisaude\/fevereiro-roxo-a-importancia-do-diagnostico-precoce-do-lupus-fibromialgia-e-alzheimer-para-reducao-dos-sintomas\/#primaryimage","url":"https:\/\/www.fsfx.com.br\/usisaude\/wp-content\/uploads\/sites\/6\/2024\/02\/iStock-1738579132.jpg","contentUrl":"https:\/\/www.fsfx.com.br\/usisaude\/wp-content\/uploads\/sites\/6\/2024\/02\/iStock-1738579132.jpg","width":1920,"height":1152},{"@type":"BreadcrumbList","@id":"https:\/\/www.fsfx.com.br\/usisaude\/fevereiro-roxo-a-importancia-do-diagnostico-precoce-do-lupus-fibromialgia-e-alzheimer-para-reducao-dos-sintomas\/#breadcrumb","itemListElement":[{"@type":"ListItem","position":1,"name":"In\u00edcio","item":"https:\/\/www.fsfx.com.br\/usisaude\/"},{"@type":"ListItem","position":2,"name":"Fevereiro Roxo: a import\u00e2ncia do diagn\u00f3stico precoce do L\u00fapus, Fibromialgia e Alzheimer para redu\u00e7\u00e3o dos sintomas"}]},{"@type":"WebSite","@id":"https:\/\/www.fsfx.com.br\/usisaude\/#website","url":"https:\/\/www.fsfx.com.br\/usisaude\/","name":"Usisa\u00fade","description":"Somos a Usisa\u00fade, uma operadora de planos de sa\u00fade da Funda\u00e7\u00e3o S\u00e3o Francisco Xavier (FSFX), a maior em modalidade filantr\u00f3pica do pa\u00eds.","publisher":{"@id":"https:\/\/www.fsfx.com.br\/usisaude\/#organization"},"potentialAction":[{"@type":"SearchAction","target":{"@type":"EntryPoint","urlTemplate":"https:\/\/www.fsfx.com.br\/usisaude\/?s={search_term_string}"},"query-input":{"@type":"PropertyValueSpecification","valueRequired":true,"valueName":"search_term_string"}}],"inLanguage":"pt-BR"},{"@type":"Organization","@id":"https:\/\/www.fsfx.com.br\/usisaude\/#organization","name":"Usisa\u00fade","url":"https:\/\/www.fsfx.com.br\/usisaude\/","logo":{"@type":"ImageObject","inLanguage":"pt-BR","@id":"https:\/\/www.fsfx.com.br\/usisaude\/#\/schema\/logo\/image\/","url":"https:\/\/www.fsfx.com.br\/usisaude\/wp-content\/uploads\/sites\/6\/2022\/03\/logo-ususaude-1.svg","contentUrl":"https:\/\/www.fsfx.com.br\/usisaude\/wp-content\/uploads\/sites\/6\/2022\/03\/logo-ususaude-1.svg","width":445,"height":196,"caption":"Usisa\u00fade"},"image":{"@id":"https:\/\/www.fsfx.com.br\/usisaude\/#\/schema\/logo\/image\/"}},{"@type":"Person","@id":"https:\/\/www.fsfx.com.br\/usisaude\/#\/schema\/person\/6bf2cced2b7a5d5d78f5610fc8f52504","name":"C\u00e1ssio Santana","image":{"@type":"ImageObject","inLanguage":"pt-BR","@id":"https:\/\/www.fsfx.com.br\/usisaude\/#\/schema\/person\/image\/","url":"https:\/\/secure.gravatar.com\/avatar\/ef79739de3edd2f5c2e7c4930b0808c62af99fc5520eaadc7899948f8bc6d2e1?s=96&d=mm&r=g","contentUrl":"https:\/\/secure.gravatar.com\/avatar\/ef79739de3edd2f5c2e7c4930b0808c62af99fc5520eaadc7899948f8bc6d2e1?s=96&d=mm&r=g","caption":"C\u00e1ssio Santana"},"url":"https:\/\/www.fsfx.com.br\/usisaude\/author\/cassio\/"}]}},"_links":{"self":[{"href":"https:\/\/www.fsfx.com.br\/usisaude\/wp-json\/wp\/v2\/posts\/9940","targetHints":{"allow":["GET"]}}],"collection":[{"href":"https:\/\/www.fsfx.com.br\/usisaude\/wp-json\/wp\/v2\/posts"}],"about":[{"href":"https:\/\/www.fsfx.com.br\/usisaude\/wp-json\/wp\/v2\/types\/post"}],"author":[{"embeddable":true,"href":"https:\/\/www.fsfx.com.br\/usisaude\/wp-json\/wp\/v2\/users\/6"}],"replies":[{"embeddable":true,"href":"https:\/\/www.fsfx.com.br\/usisaude\/wp-json\/wp\/v2\/comments?post=9940"}],"version-history":[{"count":1,"href":"https:\/\/www.fsfx.com.br\/usisaude\/wp-json\/wp\/v2\/posts\/9940\/revisions"}],"predecessor-version":[{"id":9943,"href":"https:\/\/www.fsfx.com.br\/usisaude\/wp-json\/wp\/v2\/posts\/9940\/revisions\/9943"}],"wp:featuredmedia":[{"embeddable":true,"href":"https:\/\/www.fsfx.com.br\/usisaude\/wp-json\/wp\/v2\/media\/9942"}],"wp:attachment":[{"href":"https:\/\/www.fsfx.com.br\/usisaude\/wp-json\/wp\/v2\/media?parent=9940"}],"wp:term":[{"taxonomy":"category","embeddable":true,"href":"https:\/\/www.fsfx.com.br\/usisaude\/wp-json\/wp\/v2\/categories?post=9940"},{"taxonomy":"post_tag","embeddable":true,"href":"https:\/\/www.fsfx.com.br\/usisaude\/wp-json\/wp\/v2\/tags?post=9940"}],"curies":[{"name":"wp","href":"https:\/\/api.w.org\/{rel}","templated":true}]}}